{"id":454,"date":"2019-05-15T16:00:09","date_gmt":"2019-05-15T15:00:09","guid":{"rendered":"https:\/\/arnaud-alessandrin.com\/site\/?p=454"},"modified":"2022-01-08T13:54:03","modified_gmt":"2022-01-08T12:54:03","slug":"mesdames-messieurs-et-le-reste-du-monde","status":"publish","type":"post","link":"https:\/\/arnaud-alessandrin.com\/site\/mesdames-messieurs-et-le-reste-du-monde\/","title":{"rendered":"Mesdames, messieurs et le reste du monde"},"content":{"rendered":"<p>&nbsp;<\/p>\n<p><img loading=\"lazy\" decoding=\"async\" class=\"size-medium wp-image-455\" src=\"https:\/\/arnaud-alessandrin.com\/site\/wp-content\/uploads\/m4a4239-1-e1553517430295-1200x520-500x217.jpg\" alt=\"\" width=\"500\" height=\"217\" srcset=\"https:\/\/arnaud-alessandrin.com\/site\/wp-content\/uploads\/m4a4239-1-e1553517430295-1200x520-500x217.jpg 500w, https:\/\/arnaud-alessandrin.com\/site\/wp-content\/uploads\/m4a4239-1-e1553517430295-1200x520-768x333.jpg 768w, https:\/\/arnaud-alessandrin.com\/site\/wp-content\/uploads\/m4a4239-1-e1553517430295-1200x520-1024x444.jpg 1024w, https:\/\/arnaud-alessandrin.com\/site\/wp-content\/uploads\/m4a4239-1-e1553517430295-1200x520.jpg 1200w\" sizes=\"(max-width: 500px) 100vw, 500px\" \/><\/p>\n<p style=\"text-align: center;\">Durant l&rsquo;\u00e9t\u00e9 2018, le jardin Ceccano s&rsquo;est transform\u00e9 en sc\u00e8ne ouverte sur l&rsquo;espace public, agora o\u00f9 d\u00e9plier le feuilleton de l&rsquo;engagement des mots, o\u00f9 faire voir et entendre les invisibles. Artiste insurg\u00e9 contre les in\u00e9galit\u00e9s, David Bob\u00e9e propose d&rsquo;y mettre \u00e0 plat les contresens, les tabous et les id\u00e9es re\u00e7ues sur un concept d\u00e9sormais utile pour repenser le droit \u00e0 la non-discrimination, \u00e0 la non-assignation, celui du genre. \u00c0 partir de recherches sociologiques mais aussi d&rsquo;un corpus litt\u00e9raire et po\u00e9tique, le metteur en sc\u00e8ne invite citoyen\u00b7ne\u00b7s et artistes \u00e0 incarner un des plus vibrants d\u00e9bats contemporains. La parole s&rsquo;ouvre, la sensibilit\u00e9 et les parcours de vie se disent afin de comprendre les carcans quotidiens, les \u00ab normes \u00bb apprises et inconscientes, mais aussi c\u00e9l\u00e9brer la beaut\u00e9 des diversit\u00e9s, d\u00e9genrer pour \u00eatre libre ensemble. Performances, lectures, jeux situationnistes, ateliers participatifs&#8230; Telles sont les rubriques des \u00e9pisodes o\u00f9 la l\u00e9g\u00e8ret\u00e9 et la po\u00e9sie s&rsquo;invitent au milieu de l&rsquo;\u00e9preuve et de la controverse. \u00ab Le feuilleton permet de partager un instant d&rsquo;analyse critique, un point de vue sur le monde qui nous implique tou\u00b7te\u00b7s, sans mettre qui que ce soit sur le banc de touche. \u00bb<\/p>\n<p>&nbsp;<\/p>\n<p><strong>Liste des \u00e9pisodes<\/strong><br \/>\n7 juillet : Le genre c&rsquo;est quoi ?<br \/>\n9 juillet : Tou\u00b7te\u00b7s minoritaires<br \/>\n10 juillet : Atelier Drag King<br \/>\n11 juillet : L&rsquo;effet Matilda<br \/>\n12 juillet : Mon corps et mon territoire<br \/>\n13 juillet : Premi\u00e8re c\u00e9r\u00e9monie des Moli\u00e8re non raciste et non genr\u00e9e<br \/>\n14 juillet : Carte blanche \u00e0 Virginie Despentes<br \/>\n16 juillet : Tir\u00e9sias 2018<br \/>\n17 juillet : Pour Kirill<br \/>\n18 juillet : Le tribunal du genre<br \/>\n19 juillet : La biblioth\u00e8que de Rokhaya Diallo<br \/>\n20 juillet : L&rsquo;\u00e9cole du genre<br \/>\n21 juillet : Bal d\u00e9genr\u00e9 &#8211; La f\u00eate du genre<\/p>\n<p>&nbsp;<\/p>\n<p>Conception <strong>David Bob\u00e9e<\/strong><br \/>\nTexte <strong>Ronan Ch\u00e9neau<\/strong><br \/>\nDramaturgie <strong>Arnaud Alessandrin\u00a0et Ronan Ch\u00e9neau<br \/>\n<\/strong>Coordination artistique<strong> Sophie Colleu<br \/>\n<\/strong>Son <strong>Jean-No\u00ebl Fran\u00e7oise<\/strong><\/p>\n<p><strong>\u00a0<\/strong><\/p>\n<p>&nbsp;<\/p>\n<p>Pour revoir tous les \u00e9pisodes c&rsquo;est <a href=\"https:\/\/www.theatre-contemporain.net\/video\/Mesdames-Messieurs-et-le-reste-du-monde-jour-1-Le-genre-c-est-quoi-72e-Festival-d-Avignon\">ici<\/a><\/p>\n<p>Pour un synth\u00e8se quotidienne des \u00e9pisodes par Arte c&rsquo;est <a href=\"https:\/\/www.arte.tv\/fr\/videos\/RC-016354\/avignon-le-jardin-du-genre\/\">ici<\/a><\/p>\n<p>Pour commander le livre du spectacle : <a href=\"https:\/\/www.solitairesintempestifs.com\/ouvrages\/2021-05\/mesdames-messieurs-et-le-reste-du-monde\">ici<\/a><\/p>\n<p>&nbsp;<\/p>\n<p>&nbsp;<\/p>\n","protected":false},"excerpt":{"rendered":"<p>&nbsp; Durant l&rsquo;\u00e9t\u00e9 2018, le jardin Ceccano s&rsquo;est transform\u00e9 en sc\u00e8ne ouverte sur l&rsquo;espace public, agora o\u00f9 d\u00e9plier le feuilleton de l&rsquo;engagement des mots, o\u00f9 faire voir et entendre les invisibles. Artiste insurg\u00e9 contre les in\u00e9galit\u00e9s, David Bob\u00e9e propose d&rsquo;y &hellip; <a href=\"https:\/\/arnaud-alessandrin.com\/site\/mesdames-messieurs-et-le-reste-du-monde\/\">Lire la suite <span class=\"meta-nav\">&rarr;<\/span><\/a><\/p>\n","protected":false},"author":2,"featured_media":0,"comment_status":"closed","ping_status":"open","sticky":false,"template":"","format":"standard","meta":{"footnotes":""},"categories":[15],"tags":[],"aioseo_notices":[],"_links":{"self":[{"href":"https:\/\/arnaud-alessandrin.com\/site\/wp-json\/wp\/v2\/posts\/454"}],"collection":[{"href":"https:\/\/arnaud-alessandrin.com\/site\/wp-json\/wp\/v2\/posts"}],"about":[{"href":"https:\/\/arnaud-alessandrin.com\/site\/wp-json\/wp\/v2\/types\/post"}],"author":[{"embeddable":true,"href":"https:\/\/arnaud-alessandrin.com\/site\/wp-json\/wp\/v2\/users\/2"}],"replies":[{"embeddable":true,"href":"https:\/\/arnaud-alessandrin.com\/site\/wp-json\/wp\/v2\/comments?post=454"}],"version-history":[{"count":4,"href":"https:\/\/arnaud-alessandrin.com\/site\/wp-json\/wp\/v2\/posts\/454\/revisions"}],"predecessor-version":[{"id":623,"href":"https:\/\/arnaud-alessandrin.com\/site\/wp-json\/wp\/v2\/posts\/454\/revisions\/623"}],"wp:attachment":[{"href":"https:\/\/arnaud-alessandrin.com\/site\/wp-json\/wp\/v2\/media?parent=454"}],"wp:term":[{"taxonomy":"category","embeddable":true,"href":"https:\/\/arnaud-alessandrin.com\/site\/wp-json\/wp\/v2\/categories?post=454"},{"taxonomy":"post_tag","embeddable":true,"href":"https:\/\/arnaud-alessandrin.com\/site\/wp-json\/wp\/v2\/tags?post=454"}],"curies":[{"name":"wp","href":"https:\/\/api.w.org\/{rel}","templated":true}]}}