{"id":460,"date":"2019-06-03T16:41:53","date_gmt":"2019-06-03T15:41:53","guid":{"rendered":"https:\/\/arnaud-alessandrin.com\/site\/?p=460"},"modified":"2025-04-28T12:54:24","modified_gmt":"2025-04-28T11:54:24","slug":"homophobies-et-transphobies-dans-la-ville","status":"publish","type":"post","link":"https:\/\/arnaud-alessandrin.com\/site\/homophobies-et-transphobies-dans-la-ville\/","title":{"rendered":"Homophobies et transphobies dans la ville : resultats (2019)"},"content":{"rendered":"<p><img loading=\"lazy\" decoding=\"async\" class=\"size-medium wp-image-461 aligncenter\" src=\"https:\/\/arnaud-alessandrin.com\/site\/wp-content\/uploads\/img_1190-4237927-500x281.jpg\" alt=\"\" width=\"500\" height=\"281\" srcset=\"https:\/\/arnaud-alessandrin.com\/site\/wp-content\/uploads\/img_1190-4237927-500x281.jpg 500w, https:\/\/arnaud-alessandrin.com\/site\/wp-content\/uploads\/img_1190-4237927-768x432.jpg 768w, https:\/\/arnaud-alessandrin.com\/site\/wp-content\/uploads\/img_1190-4237927-1024x576.jpg 1024w, https:\/\/arnaud-alessandrin.com\/site\/wp-content\/uploads\/img_1190-4237927.jpg 1200w\" sizes=\"(max-width: 500px) 100vw, 500px\" \/><\/p>\n<p>Au cours d&rsquo;une ann\u00e9e de recherche sur les LGBTI-phobies dans la ville, recherche financ\u00e9e par la mairie de Bordeaux et accompagn\u00e9e par l&rsquo;ensemble des associations LGBT de la ville, nous avons, avec Johanna Dagorn et Chas Charasse, r\u00e9colt\u00e9 plus de 1640 r\u00e9ponses !<\/p>\n<p>&nbsp;<\/p>\n<p>Quelques extraits dans la presse :<\/p>\n<p><a href=\"https:\/\/www.francebleu.fr\/infos\/societe\/bordeaux-un-passage-pieton-arc-en-ciel-et-un-plan-d-action-pour-lutter-contre-l-homophobie-1557936552\">France Bleue\u00a0<\/a><\/p>\n<p><a href=\"https:\/\/www.20minutes.fr\/societe\/2514187-20190516-video-violences-etude-met-lumiere-inaction-temoins-face-agressions-personnes-lgbti\">20minutes<\/a><\/p>\n<p><a href=\"https:\/\/www.neonmag.fr\/violences-lgbt-phobes-75-des-temoins-ne-bougent-pas-le-petit-doigt-528403.html\">NeonMag<\/a><\/p>\n<p><a href=\"https:\/\/www.huffingtonpost.fr\/entry\/face-a-une-agression-transphobe-beaucoup-de-temoins-deviennent-auteurs_fr_5cdbdf1ee4b0437438c4411e\">Le Huffington<\/a><\/p>\n<p><a href=\"https:\/\/www.europe1.fr\/societe\/les-personnes-lgbti-se-sentent-discriminees-dans-leurs-parcours-de-soins-3548696\">Europe1\u00a0<\/a><\/p>\n<p><a href=\"https:\/\/www.sudouest.fr\/2019\/06\/14\/bordeaux-ce-dimanche-la-gay-pride-clot-la-quinzaine-des-fiertes-6210419-2780.php\">Sud-Ouest<\/a><\/p>\n<p><a href=\"http:\/\/theconversation.com\/marcher-dans-la-rue-double-peine-pour-les-lesbiennes-123021\">The Conversation<\/a> \u00ab\u00a0Marcher dans la rue : une double peine pour les lesbiennes\u00a0\u00bb<\/p>\n<p><!--more--><\/p>\n<p><strong>1\u00b0 LE RESSENTI DANS L\u2019ESPACE PUBLIC<\/strong><\/p>\n<p>Nous avons demand\u00e9 aux r\u00e9pondant.e.s de \u00ab\u00a0noter\u00a0\u00bb l\u2019ambiance urbaine, de 1 \u00e0 10, voici les r\u00e9ponses moyennes, r\u00e9parties par sexe, puis avec un focus sur les victimes de discriminations <u>Pour m\u00e9moire, dans nos enqu\u00eates \u00ab\u00a0femmes et d\u00e9placements\u00a0\u00bb la moyenne des notes, pour Bordeaux, \u00e9tait de 6\/10<\/u> (ce qui permet de comparer les effets \u00ab\u00a0sexe\u00a0\u00bb et \u00ab\u00a0sexualit\u00e9\u00a0\u00bb dans ces notations).<\/p>\n<p><strong>Sur une \u00e9chelle de 1 \u00e0 10, comment vous sentez vous en ville\u00a0? (par sexe des r\u00e9pondant.e.s)*<\/strong><\/p>\n<table width=\"0\">\n<tbody>\n<tr>\n<td width=\"120\"><strong>\u00a0<\/strong><\/td>\n<td width=\"106\"><strong>Hommes<\/strong><\/p>\n<p><strong>(513)<\/strong><\/td>\n<td width=\"107\"><strong>Autres genre<\/strong><\/p>\n<p><strong>(67)<\/strong><\/td>\n<td width=\"102\"><strong>Femmes<\/strong><\/p>\n<p><strong>(407)<\/strong><\/p>\n<p><strong>\u00a0<\/strong><\/td>\n<\/tr>\n<tr>\n<td width=\"120\"><strong>Moyenne<\/strong><\/td>\n<td width=\"106\">6.8<\/td>\n<td width=\"107\">5.8<\/td>\n<td width=\"102\">6,0<\/td>\n<\/tr>\n<\/tbody>\n<\/table>\n<p>* Tous les r\u00e9pondant.e.s \u00ab\u00a0hommes\u00a0\u00bb ou \u00ab\u00a0femmes\u00a0\u00bb ne sont pas \u00ab\u00a0gays\u00a0\u00bb ou \u00ab\u00a0lesbiennes\u00a0\u00bb.<\/p>\n<p>Des personnes trans ou intersexes peuvent s\u2019identifier aux cat\u00e9gories d\u2019hommes et de femmes.<\/p>\n<p>&nbsp;<\/p>\n<p><strong>2\u00b0 LES FAITS RELEVES<\/strong><\/p>\n<p>Qu\u2019ont v\u00e9cues les personnes ayant r\u00e9pondu \u00e0 notre enqu\u00eate\u00a0? <strong>Pour 83% d\u2019entre elles, un \u00e9v\u00e8nement LGBTI-phobe s\u2019est d\u00e9roul\u00e9 au cours des 12 derniers mois<\/strong>\u00a0!<\/p>\n<p><strong>Au cours des 12 derniers mois, avez-vous subi, toutes r\u00e9ponses confondues (1.628 r\u00e9ponses) <\/strong><\/p>\n<table width=\"0\">\n<tbody>\n<tr>\n<td width=\"350\"><strong>Des regards insistants et mena\u00e7ants <\/strong><\/td>\n<td width=\"236\"><strong>30%<\/strong><\/td>\n<\/tr>\n<tr>\n<td width=\"350\"><strong>Des commentaires non d\u00e9sir\u00e9s, des injures\u2026 <\/strong><\/td>\n<td width=\"236\">29%<\/td>\n<\/tr>\n<tr>\n<td width=\"350\"><strong>Une pr\u00e9sence inqui\u00e9tante<\/strong><\/td>\n<td width=\"236\">12%<\/td>\n<\/tr>\n<tr>\n<td width=\"350\"><strong>Des menaces physiques<\/strong><\/td>\n<td width=\"236\">04%<\/td>\n<\/tr>\n<tr>\n<td width=\"350\"><strong>Des agressions, des coups\u2026<\/strong><\/td>\n<td width=\"236\">04%<\/td>\n<\/tr>\n<tr>\n<td width=\"350\"><strong>De l\u2019exhibitionnisme<\/strong><\/td>\n<td width=\"236\">03%<\/td>\n<\/tr>\n<tr>\n<td width=\"350\"><strong>Des viols ou tentatives de viols<\/strong><\/td>\n<td width=\"236\">01%<\/td>\n<\/tr>\n<tr>\n<td width=\"350\"><strong>Je n\u2019ai rien subi <\/strong><\/td>\n<td width=\"236\">17%<\/td>\n<\/tr>\n<\/tbody>\n<\/table>\n<p><strong>Quelques \u00e9l\u00e9ments\u00a0:<\/strong><\/p>\n<p>1- Majoritairement, ces \u00e9v\u00e8nements n\u2019arrivent qu\u2019une ou deux fois dans l\u2019ann\u00e9e pour les victimes de gay et lesbophobies mais toutes deux notent \u00e0 1\/3 qu\u2019elles subissent ces agressions et interpellations parfois entre 3 et 5 fois au cours des 12 derniers mois.<\/p>\n<p>2- <u>Du c\u00f4t\u00e9 de la lesbophobie, l\u2019accumulation sexisme + homophobie fait nettement augmenter la fr\u00e9quence des \u00e9v\u00e8nements.<\/u><\/p>\n<p>3- C\u2019est encore une fois les personnes trans, queer, non-binaires ou intersexes qui t\u00e9moignent de la fr\u00e9quence la plus \u00e9lev\u00e9e\u00a0: 17% d\u2019entre elles subissent ces agressions plus de 10 fois dans l\u2019ann\u00e9e\u00a0!<\/p>\n<p><strong>\u00a0<\/strong><\/p>\n<p><strong>3\u00b0 LE ROLE DES TEMOINS<\/strong><\/p>\n<p><strong>Si durant l\u2019\u00e9v\u00e8nement ou les \u00e9v\u00e8nements subis des t\u00e9moins \u00e9taient pr\u00e9sents\u00a0: quelles r\u00e9action ont-ils \/ elles eu\u00a0?<\/strong><\/p>\n<table width=\"0\">\n<tbody>\n<tr>\n<td width=\"167\"><strong>\u00a0<\/strong><\/td>\n<td width=\"123\"><strong>Victimes de Gayphobie (308)<\/strong><\/td>\n<td width=\"141\"><strong>Victimes de Transphobie (80)<\/strong><\/td>\n<td width=\"153\"><strong>Victimes de Lesbophobie (199)<\/strong><\/td>\n<\/tr>\n<tr>\n<td width=\"167\"><strong><u>Ils n\u2019ont rien fait <\/u><\/strong><\/td>\n<td width=\"123\"><strong><u>75%<\/u><\/strong><\/td>\n<td width=\"141\"><u>53%<\/u><\/td>\n<td width=\"153\"><u>72%<\/u><\/td>\n<\/tr>\n<tr>\n<td width=\"167\"><strong>Ils sont intervenus verbalement pour m\u2019aider<\/strong><\/td>\n<td width=\"123\">12%<\/td>\n<td width=\"141\">6%<\/td>\n<td width=\"153\"><strong>13%<\/strong><\/td>\n<\/tr>\n<tr>\n<td width=\"167\"><strong>Ils ont particip\u00e9 \u00e0 l\u2019\u00e9v\u00e8nement (rires etc\u2026) <\/strong><\/td>\n<td width=\"123\">11%<\/td>\n<td width=\"141\"><strong>38%<\/strong><\/td>\n<td width=\"153\">11%<\/td>\n<\/tr>\n<tr>\n<td width=\"167\"><strong>Ils m\u2019ont port\u00e9 assistance physique<\/strong><\/td>\n<td width=\"123\">2%<\/td>\n<td width=\"141\">3%<\/td>\n<td width=\"153\"><strong>4%<\/strong><\/td>\n<\/tr>\n<\/tbody>\n<\/table>\n<p>&nbsp;<\/p>\n<p>Comparativement \u00e0 nos enqu\u00eates sur les \u00ab\u00a0femmes et leurs d\u00e9placements\u00a0\u00bb (2015) o\u00f9 87 % des t\u00e9moins ne faisaient rien et 7% participaient (en moyenne sur les villes \u00e9tudi\u00e9es), nous avons ici beaucoup moins de t\u00e9moins inactifs. Mais ce n\u2019est pas forc\u00e9ment pour \u00ab\u00a0aider\u00a0\u00bb la victime\u00a0: au contraire\u00a0! Entre 11% et 38% des t\u00e9moins, selon les victimes, ont particip\u00e9 \u00e0 l\u2019agression, c\u2019est-\u00e0-dire sont pass\u00e9s du statut de t\u00e9moin \u00e0 celui d\u2019auteur. Quant aux t\u00e9moins qui sont intervenus, ils sont plus nombreux \u00e0 l\u2019avoir fait lorsque les victimes \u00e9taient des femmes que pour des hommes ou des personnes qui s\u2019identifient comme \u00ab\u00a0trans\u00a0\u00bb, \u00ab\u00a0queer\u00a0\u00bb etc. C\u2019est dire combien la transphobie ne r\u00e9veille pas d\u2019intervention des t\u00e9moins, bref, d\u2019actes citoyens. Peut-\u00eatre que la terrible agression de Julia en Avril 2019 et sa m\u00e9diatisation feront \u00e9voluer les mentalit\u00e9s. Enfin, notons que les t\u00e9moins interviennent beaucoup plus souvent lors de violence physiques ou sexuelles (agressions physiques, viols ou tentatives).<\/p>\n","protected":false},"excerpt":{"rendered":"<p>Au cours d&rsquo;une ann\u00e9e de recherche sur les LGBTI-phobies dans la ville, recherche financ\u00e9e par la mairie de Bordeaux et accompagn\u00e9e par l&rsquo;ensemble des associations LGBT de la ville, nous avons, avec Johanna Dagorn et Chas Charasse, r\u00e9colt\u00e9 plus de &hellip; <a href=\"https:\/\/arnaud-alessandrin.com\/site\/homophobies-et-transphobies-dans-la-ville\/\">Lire la suite <span class=\"meta-nav\">&rarr;<\/span><\/a><\/p>\n","protected":false},"author":2,"featured_media":0,"comment_status":"closed","ping_status":"open","sticky":false,"template":"","format":"standard","meta":{"footnotes":""},"categories":[7],"tags":[],"aioseo_notices":[],"_links":{"self":[{"href":"https:\/\/arnaud-alessandrin.com\/site\/wp-json\/wp\/v2\/posts\/460"}],"collection":[{"href":"https:\/\/arnaud-alessandrin.com\/site\/wp-json\/wp\/v2\/posts"}],"about":[{"href":"https:\/\/arnaud-alessandrin.com\/site\/wp-json\/wp\/v2\/types\/post"}],"author":[{"embeddable":true,"href":"https:\/\/arnaud-alessandrin.com\/site\/wp-json\/wp\/v2\/users\/2"}],"replies":[{"embeddable":true,"href":"https:\/\/arnaud-alessandrin.com\/site\/wp-json\/wp\/v2\/comments?post=460"}],"version-history":[{"count":5,"href":"https:\/\/arnaud-alessandrin.com\/site\/wp-json\/wp\/v2\/posts\/460\/revisions"}],"predecessor-version":[{"id":1043,"href":"https:\/\/arnaud-alessandrin.com\/site\/wp-json\/wp\/v2\/posts\/460\/revisions\/1043"}],"wp:attachment":[{"href":"https:\/\/arnaud-alessandrin.com\/site\/wp-json\/wp\/v2\/media?parent=460"}],"wp:term":[{"taxonomy":"category","embeddable":true,"href":"https:\/\/arnaud-alessandrin.com\/site\/wp-json\/wp\/v2\/categories?post=460"},{"taxonomy":"post_tag","embeddable":true,"href":"https:\/\/arnaud-alessandrin.com\/site\/wp-json\/wp\/v2\/tags?post=460"}],"curies":[{"name":"wp","href":"https:\/\/api.w.org\/{rel}","templated":true}]}}