{"id":640,"date":"2021-05-18T12:19:09","date_gmt":"2021-05-18T11:19:09","guid":{"rendered":"https:\/\/arnaud-alessandrin.com\/site\/?p=640"},"modified":"2021-05-18T12:19:09","modified_gmt":"2021-05-18T11:19:09","slug":"lgbtqi-phobies-participation-a-des-rapports","status":"publish","type":"post","link":"https:\/\/arnaud-alessandrin.com\/site\/lgbtqi-phobies-participation-a-des-rapports\/","title":{"rendered":"LGBTQI-PHOBIES : participation \u00e0 des rapports"},"content":{"rendered":"<p><img loading=\"lazy\" decoding=\"async\" class=\"alignnone size-medium wp-image-641\" src=\"https:\/\/arnaud-alessandrin.com\/site\/wp-content\/uploads\/Sans-titre2-204x300.png\" alt=\"\" width=\"204\" height=\"300\" srcset=\"https:\/\/arnaud-alessandrin.com\/site\/wp-content\/uploads\/Sans-titre2-204x300.png 204w, https:\/\/arnaud-alessandrin.com\/site\/wp-content\/uploads\/Sans-titre2.png 544w\" sizes=\"(max-width: 204px) 100vw, 204px\" \/>\u00a0 <img loading=\"lazy\" decoding=\"async\" class=\"alignnone size-medium wp-image-642\" src=\"https:\/\/arnaud-alessandrin.com\/site\/wp-content\/uploads\/Sans-titre-3-218x300.png\" alt=\"\" width=\"218\" height=\"300\" srcset=\"https:\/\/arnaud-alessandrin.com\/site\/wp-content\/uploads\/Sans-titre-3-218x300.png 218w, https:\/\/arnaud-alessandrin.com\/site\/wp-content\/uploads\/Sans-titre-3.png 619w\" sizes=\"(max-width: 218px) 100vw, 218px\" \/><\/p>\n<p>&nbsp;<\/p>\n<p>Je remercie la Fondation Jean Jaures et l&rsquo;association SOS Homophobie qui m&rsquo;ont fait l&rsquo;honneur de participer \u00e0 leurs rapports 2021 en mati\u00e8re de mesure des LGBTQI-PHOBIES. Dans le premier, celui de la Fondation Jean Jaures, \u00e9tablit sur la base des chiffres de l&rsquo;application de signalement de FLAG, je reviens sur les citoyennet\u00e9s amput\u00e9es des LGBTI par les violences et discriminations. Dans le second, celui de l&rsquo;association SOS Homophobie, je propose un petit texte sur la place des \u00e9l\u00e8ves transgenres \u00e0 l&rsquo;\u00e9cole.<\/p>\n<p>Vous trouverez le rapport de SOS Homophobie <a href=\"https:\/\/www.sos-homophobie.org\/article\/rapport-sur-les-lbgtiphobies-2021\">ici <\/a><\/p>\n<p>Et le rapport de la Fondation Jean Jaures <a href=\"https:\/\/jean-jaures.org\/nos-productions\/signaler-la-haine-pour-mieux-la-combattre-les-lgbtphobies-au-prisme-de-l-application\">ici<\/a><\/p>\n<p>&nbsp;<\/p>\n<p>Bonne Lecture.<\/p>\n","protected":false},"excerpt":{"rendered":"<p>\u00a0 &nbsp; Je remercie la Fondation Jean Jaures et l&rsquo;association SOS Homophobie qui m&rsquo;ont fait l&rsquo;honneur de participer \u00e0 leurs rapports 2021 en mati\u00e8re de mesure des LGBTQI-PHOBIES. Dans le premier, celui de la Fondation Jean Jaures, \u00e9tablit sur la &hellip; <a href=\"https:\/\/arnaud-alessandrin.com\/site\/lgbtqi-phobies-participation-a-des-rapports\/\">Lire la suite <span class=\"meta-nav\">&rarr;<\/span><\/a><\/p>\n","protected":false},"author":2,"featured_media":0,"comment_status":"closed","ping_status":"open","sticky":false,"template":"","format":"standard","meta":{"footnotes":""},"categories":[5],"tags":[],"aioseo_notices":[],"_links":{"self":[{"href":"https:\/\/arnaud-alessandrin.com\/site\/wp-json\/wp\/v2\/posts\/640"}],"collection":[{"href":"https:\/\/arnaud-alessandrin.com\/site\/wp-json\/wp\/v2\/posts"}],"about":[{"href":"https:\/\/arnaud-alessandrin.com\/site\/wp-json\/wp\/v2\/types\/post"}],"author":[{"embeddable":true,"href":"https:\/\/arnaud-alessandrin.com\/site\/wp-json\/wp\/v2\/users\/2"}],"replies":[{"embeddable":true,"href":"https:\/\/arnaud-alessandrin.com\/site\/wp-json\/wp\/v2\/comments?post=640"}],"version-history":[{"count":1,"href":"https:\/\/arnaud-alessandrin.com\/site\/wp-json\/wp\/v2\/posts\/640\/revisions"}],"predecessor-version":[{"id":643,"href":"https:\/\/arnaud-alessandrin.com\/site\/wp-json\/wp\/v2\/posts\/640\/revisions\/643"}],"wp:attachment":[{"href":"https:\/\/arnaud-alessandrin.com\/site\/wp-json\/wp\/v2\/media?parent=640"}],"wp:term":[{"taxonomy":"category","embeddable":true,"href":"https:\/\/arnaud-alessandrin.com\/site\/wp-json\/wp\/v2\/categories?post=640"},{"taxonomy":"post_tag","embeddable":true,"href":"https:\/\/arnaud-alessandrin.com\/site\/wp-json\/wp\/v2\/tags?post=640"}],"curies":[{"name":"wp","href":"https:\/\/api.w.org\/{rel}","templated":true}]}}